{"id":548,"date":"2023-11-06T19:18:31","date_gmt":"2023-11-06T18:18:31","guid":{"rendered":"http:\/\/monikasokol.pl\/?p=548"},"modified":"2023-11-06T19:18:32","modified_gmt":"2023-11-06T18:18:32","slug":"zmartwychwstanie-czyli-serce-kamienia-raz-jeszcze","status":"publish","type":"post","link":"http:\/\/monikasokol.pl\/?p=548","title":{"rendered":"Zmartwychwstanie czyli Serce kamienia raz jeszcze"},"content":{"rendered":"\n<p>Nie by\u0142o mnie ju\u017c bardzo d\u0142ugo. Jednak nie bardzo mia\u0142am o czym pisa\u0107. No, chyba, \u017ce o tym, jak to kolejne wydawnictwo po wst\u0119pnej akceptacji mojej nowej ksi\u0105\u017cki, wycofa\u0142o si\u0119 i przesta\u0142o odpowiada\u0107 na moje maile. Po czym\u015b takim odechciewa si\u0119 jakiegokolwiek pisania.<\/p>\n\n\n\n<p>Ale ja nie o tym chcia\u0142am. Ot\u00f3\u017c dost\u0119pny jest audiobook Serce kamienia, kt\u00f3ry mo\u017cna naby\u0107 w ksi\u0119garniach internetowych. Co wi\u0119cej, powie\u015b\u0107 dost\u0119pna jest tak\u017ce na platformie Storytel, wi\u0119c kto jeszcze nie czyta\u0142 ksi\u0105\u017cki, a woli wersj\u0119 audio, ma teraz okazj\u0119, \u017ceby pozna\u0107 losy niezwyk\u0142ej Magran. Zapraszam do s\u0142uchania!<\/p>\n\n\n<div class=\"wp-block-image\">\n<figure class=\"aligncenter size-full\"><a href=\"http:\/\/monikasokol.pl\/wp-content\/uploads\/2023\/11\/Okladka.jpg\"><img loading=\"lazy\" decoding=\"async\" width=\"996\" height=\"993\" src=\"http:\/\/monikasokol.pl\/wp-content\/uploads\/2023\/11\/Okladka.jpg\" alt=\"\" class=\"wp-image-549\" srcset=\"http:\/\/monikasokol.pl\/wp-content\/uploads\/2023\/11\/Okladka.jpg 996w, http:\/\/monikasokol.pl\/wp-content\/uploads\/2023\/11\/Okladka-300x300.jpg 300w, http:\/\/monikasokol.pl\/wp-content\/uploads\/2023\/11\/Okladka-150x150.jpg 150w, http:\/\/monikasokol.pl\/wp-content\/uploads\/2023\/11\/Okladka-768x766.jpg 768w\" sizes=\"auto, (max-width: 996px) 100vw, 996px\" \/><\/a><\/figure><\/div><div id=\"fb-root\"><\/div><script src=\"http:\/\/connect.facebook.net\/en_US\/all.js#xfbml=1\"><\/script><fb:like href=\"http:\/\/monikasokol.pl\/?p=548\" send=\"true\" layout=\"standard\" width=\"450\" show_faces=\"true\" font=\"arial\" action=\"like\" colorscheme=\"light\"><\/fb:like>","protected":false},"excerpt":{"rendered":"<p>Nie by\u0142o mnie ju\u017c bardzo d\u0142ugo. Jednak nie bardzo mia\u0142am o czym pisa\u0107. No, chyba, \u017ce o tym, jak to kolejne wydawnictwo po wst\u0119pnej akceptacji mojej nowej ksi\u0105\u017cki, wycofa\u0142o si\u0119 i przesta\u0142o odpowiada\u0107 na moje maile. Po czym\u015b takim odechciewa si\u0119 jakiegokolwiek pisania. Ale ja nie o tym chcia\u0142am. Ot\u00f3\u017c dost\u0119pny jest audiobook Serce kamienia, &hellip; <a href=\"http:\/\/monikasokol.pl\/?p=548\" class=\"more-link\">Czytaj dalej <span class=\"screen-reader-text\">Zmartwychwstanie czyli Serce kamienia raz jeszcze<\/span><\/a><\/p>\n","protected":false},"author":1,"featured_media":0,"comment_status":"open","ping_status":"open","sticky":false,"template":"","format":"standard","meta":{"footnotes":""},"categories":[1],"tags":[],"class_list":["post-548","post","type-post","status-publish","format-standard","hentry","category-bez-kategorii"],"_links":{"self":[{"href":"http:\/\/monikasokol.pl\/index.php?rest_route=\/wp\/v2\/posts\/548","targetHints":{"allow":["GET"]}}],"collection":[{"href":"http:\/\/monikasokol.pl\/index.php?rest_route=\/wp\/v2\/posts"}],"about":[{"href":"http:\/\/monikasokol.pl\/index.php?rest_route=\/wp\/v2\/types\/post"}],"author":[{"embeddable":true,"href":"http:\/\/monikasokol.pl\/index.php?rest_route=\/wp\/v2\/users\/1"}],"replies":[{"embeddable":true,"href":"http:\/\/monikasokol.pl\/index.php?rest_route=%2Fwp%2Fv2%2Fcomments&post=548"}],"version-history":[{"count":1,"href":"http:\/\/monikasokol.pl\/index.php?rest_route=\/wp\/v2\/posts\/548\/revisions"}],"predecessor-version":[{"id":550,"href":"http:\/\/monikasokol.pl\/index.php?rest_route=\/wp\/v2\/posts\/548\/revisions\/550"}],"wp:attachment":[{"href":"http:\/\/monikasokol.pl\/index.php?rest_route=%2Fwp%2Fv2%2Fmedia&parent=548"}],"wp:term":[{"taxonomy":"category","embeddable":true,"href":"http:\/\/monikasokol.pl\/index.php?rest_route=%2Fwp%2Fv2%2Fcategories&post=548"},{"taxonomy":"post_tag","embeddable":true,"href":"http:\/\/monikasokol.pl\/index.php?rest_route=%2Fwp%2Fv2%2Ftags&post=548"}],"curies":[{"name":"wp","href":"https:\/\/api.w.org\/{rel}","templated":true}]}}