{"id":510,"date":"2019-02-03T00:47:56","date_gmt":"2019-02-02T23:47:56","guid":{"rendered":"http:\/\/monikasokol.pl\/?p=510"},"modified":"2019-02-03T00:50:24","modified_gmt":"2019-02-02T23:50:24","slug":"iselilja","status":"publish","type":"post","link":"http:\/\/monikasokol.pl\/?p=510","title":{"rendered":"Iselilja"},"content":{"rendered":"\n<div class=\"wp-block-image\"><figure class=\"alignleft is-resized\"><img loading=\"lazy\" decoding=\"async\" src=\"http:\/\/monikasokol.pl\/wp-content\/uploads\/2019\/02\/1-2.jpg\" alt=\"\" class=\"wp-image-514\" width=\"155\" height=\"240\" srcset=\"http:\/\/monikasokol.pl\/wp-content\/uploads\/2019\/02\/1-2.jpg 620w, http:\/\/monikasokol.pl\/wp-content\/uploads\/2019\/02\/1-2-194x300.jpg 194w\" sizes=\"auto, (max-width: 155px) 100vw, 155px\" \/><figcaption> <br><br><\/figcaption><\/figure><\/div>\n\n\n\n<p class=\"has-background has-white-background-color\">W zak\u0142adce <em>Ksi\u0105\u017cki i e-booki<\/em> dost\u0119pny jest fragment mojego nowego opowiadania <em><a href=\"http:\/\/monikasokol.pl\/?page_id=502\">Iselilja<\/a><\/em>, kt\u00f3re zosta\u0142o opublikowane w antologii <em>Dzieje si\u0119. Fantastyka spo\u0142ecznie zaanga\u017cowana<\/em> wydanej przez Grup\u0119 Wydawnicz\u0105 Alpaka. Wi\u0119cej na temat tekstu i link do bezp\u0142atnego pobrania ca\u0142ej antologii znajdziecie we wspomnianej zak\u0142adce. Mi\u0142ego czytania!<\/p>\n<div id=\"fb-root\"><\/div><script src=\"http:\/\/connect.facebook.net\/en_US\/all.js#xfbml=1\"><\/script><fb:like href=\"http:\/\/monikasokol.pl\/?p=510\" send=\"true\" layout=\"standard\" width=\"450\" show_faces=\"true\" font=\"arial\" action=\"like\" colorscheme=\"light\"><\/fb:like>","protected":false},"excerpt":{"rendered":"<p>W zak\u0142adce Ksi\u0105\u017cki i e-booki dost\u0119pny jest fragment mojego nowego opowiadania Iselilja, kt\u00f3re zosta\u0142o opublikowane w antologii Dzieje si\u0119. Fantastyka spo\u0142ecznie zaanga\u017cowana wydanej przez Grup\u0119 Wydawnicz\u0105 Alpaka. Wi\u0119cej na temat tekstu i link do bezp\u0142atnego pobrania ca\u0142ej antologii znajdziecie we wspomnianej zak\u0142adce. Mi\u0142ego czytania!<\/p>\n","protected":false},"author":1,"featured_media":0,"comment_status":"open","ping_status":"open","sticky":false,"template":"","format":"image","meta":{"footnotes":""},"categories":[1],"tags":[],"class_list":["post-510","post","type-post","status-publish","format-image","hentry","category-bez-kategorii","post_format-post-format-image"],"_links":{"self":[{"href":"http:\/\/monikasokol.pl\/index.php?rest_route=\/wp\/v2\/posts\/510","targetHints":{"allow":["GET"]}}],"collection":[{"href":"http:\/\/monikasokol.pl\/index.php?rest_route=\/wp\/v2\/posts"}],"about":[{"href":"http:\/\/monikasokol.pl\/index.php?rest_route=\/wp\/v2\/types\/post"}],"author":[{"embeddable":true,"href":"http:\/\/monikasokol.pl\/index.php?rest_route=\/wp\/v2\/users\/1"}],"replies":[{"embeddable":true,"href":"http:\/\/monikasokol.pl\/index.php?rest_route=%2Fwp%2Fv2%2Fcomments&post=510"}],"version-history":[{"count":5,"href":"http:\/\/monikasokol.pl\/index.php?rest_route=\/wp\/v2\/posts\/510\/revisions"}],"predecessor-version":[{"id":524,"href":"http:\/\/monikasokol.pl\/index.php?rest_route=\/wp\/v2\/posts\/510\/revisions\/524"}],"wp:attachment":[{"href":"http:\/\/monikasokol.pl\/index.php?rest_route=%2Fwp%2Fv2%2Fmedia&parent=510"}],"wp:term":[{"taxonomy":"category","embeddable":true,"href":"http:\/\/monikasokol.pl\/index.php?rest_route=%2Fwp%2Fv2%2Fcategories&post=510"},{"taxonomy":"post_tag","embeddable":true,"href":"http:\/\/monikasokol.pl\/index.php?rest_route=%2Fwp%2Fv2%2Ftags&post=510"}],"curies":[{"name":"wp","href":"https:\/\/api.w.org\/{rel}","templated":true}]}}