{"id":345,"date":"2014-11-04T18:00:41","date_gmt":"2014-11-04T17:00:41","guid":{"rendered":"http:\/\/monikasokol.pl\/?p=345"},"modified":"2014-11-04T18:00:41","modified_gmt":"2014-11-04T17:00:41","slug":"18-targi-ksiazki-w-krakowie","status":"publish","type":"post","link":"http:\/\/monikasokol.pl\/?p=345","title":{"rendered":"18. Targi Ksi\u0105\u017cki w Krakowie"},"content":{"rendered":"<p>Jak wiecie, m\u00f3j pobyt w Polsce by\u0142 intensywny, tote\u017c na egzaminie z filozofii i na spotkaniu autorskim si\u0119 nie sko\u0144czy\u0142o. W sobot\u0119 25. pa\u017adziernika wybra\u0142am si\u0119 na Targi Ksi\u0105\u017cki w Krakowie i to pierwszy raz w formie zaproszonego go\u015bcia, a nie wy\u0142\u0105cznie jako konsument literatury :) Chocia\u017c od konsumowania literatury te\u017c si\u0119 nie ustrzeg\u0142am ;-) &#8211; \u015bliczna makowa torebka, kt\u00f3r\u0105 dosta\u0142am od siostry przesz\u0142a chrzest bojowy, bo wypchana zosta\u0142a do granic mo\u017cliwo\u015bci zakupionymi ksi\u0105\u017ckami, i wytrzyma\u0142a :)<\/p>\n<p>(Tutaj wiedziona prywat\u0105, a jednocze\u015bnie dum\u0105 z w\u0142asnej siostry wstawiam link do jej bloga o torebkach <a href=\"http:\/\/torebeczki.blogspot.no\/\" target=\"_blank\">Haftowane torebki<\/a>).<\/p>\n<p>Przyznam si\u0119, \u017ce nie oczekiwa\u0142am jakich\u015b specjalnych przywilej\u00f3w z racji bycia go\u015bciem na targach, ale okaza\u0142o si\u0119, \u017ce jakie\u015b plusy tego s\u0105 (poza spotkaniem z czytelnikami, oczywi\u015bcie) ;-) Ucieszy\u0142o mnie chocia\u017cby to, \u017ce jako go\u015b\u0107 nie musia\u0142am nadaremno szuka\u0107 wolnego miejsca parkingowego przed pawilonami EXPO, bo miejsce ju\u017c na mnie czeka\u0142o. Ot, ma\u0142a rzecz, a cieszy :) Gdy wysiad\u0142am z samochodu w oczy rzuci\u0142 mi si\u0119 d\u0142uga\u015bny potr\u00f3jny ogonek czekaj\u0105cych do kasy wej\u015bciowej. Rany, pomy\u015bla\u0142am, no to sobie poczekam. Zaraz jednak przysz\u0142a refleksja, \u017ce chyba dla pisarzy powinno by\u0107 osobne wej\u015bcie. Postanowi\u0142am sprawdzi\u0107 i okaza\u0142o si\u0119, \u017ce rzeczywi\u015bcie dla autor\u00f3w jest osobne wej\u015bcie, gdzie z miejsca otrzyma\u0142am identyfikator. Nie\u015bwiadoma niczego potupta\u0142am na tych moich wysokich obcasach (jedyna okazja, \u017ceby je ubra\u0107 ;-) ) poszuka\u0107 stoiska i poinformowa\u0107 przedstawicieli Wydawnictwa, \u017ce ju\u017c jestem. Potem wybra\u0142am si\u0119 na obch\u00f3d Targ\u00f3w, co z jednej strony by\u0142o z\u0142ym, a z drugiej strony dobrym pomys\u0142em &#8211; z\u0142ym, bo po kilku chwilach wielko\u015b\u0107 i g\u0119sto\u015b\u0107 t\u0142umu przelewaj\u0105cego si\u0119 alejkami pomi\u0119dzy stoiskami przyprawi\u0142a mnie o chwilowy atak przera\u017cenia (ju\u017c zapomnia\u0142am, \u017ce w jednym miejscu mo\u017ce by\u0107 tyle ludzi na raz &#8211; ech, b\u0142ogos\u0142awiona Norwegia&#8230;), a dobry, bo zakupi\u0142am kilka ksi\u0105\u017cek i spotka\u0142am starych znajomych :)<\/p>\n<p>Moje Wydawnictwo mia\u0142o ca\u0142kiem przyjemne i spore stoisko. Co prawda krzese\u0142ka i stolik, przy kt\u00f3rym podpisywa\u0142o si\u0119 ksi\u0105\u017cki by\u0142 nieco niski, ale dali\u015bmy rad\u0119 :) P\u00f3\u0142 godziny, jakie przeznaczone by\u0142o dla mnie na podpisywanie ksi\u0105\u017cek, min\u0119\u0142o b\u0142yskawicznie dzi\u0119ki wspania\u0142ym ludziom, kt\u00f3rzy mnie odwiedzili. Uwielbiam spotyka\u0107 moich czytelnik\u00f3w, kt\u00f3rzy zazwyczaj okazuj\u0105 si\u0119 niezwykle sympatycznymi lud\u017ami daj\u0105cymi mi mn\u00f3stwo pozytywnej energii :) Dzi\u0119kuj\u0119 Wam, \u017ce przyszli\u015bcie. Jak si\u0119 okaza\u0142o, cz\u0119\u015bci nie uda\u0142o si\u0119 dotrze\u0107 na Targi na czas, g\u0142\u00f3wnie ze wzgl\u0119du na utrudnienia w doje\u017adzie. Nast\u0119pnym razem, kochani! :)<\/p>\n<p>Umieszczam tutaj tylko dwa zdj\u0119cia z Targ\u00f3w, poniewa\u017c tym razem nie wspiera\u0142 mnie \u017caden w\u0142asny fotograf i te zdj\u0119cia, kt\u00f3re mam zosta\u0142y wykonane przez przedstawicieli Wydawnictwa. Moi kochani czytelnicy r\u00f3wnie\u017c fotografowali si\u0119 ze mn\u0105, ale nie wiem czy kiedykolwiek w \u017cyciu zobacz\u0119 te fotki na w\u0142asne oczy ;-) Kochani, kto z Was je ma, niech podzieli si\u0119 ze mn\u0105 :)<\/p>\n<figure id=\"attachment_346\" aria-describedby=\"caption-attachment-346\" style=\"width: 468px\" class=\"wp-caption aligncenter\"><a href=\"http:\/\/monikasokol.pl\/wp-content\/uploads\/2014\/11\/z-Bartoszem-05.jpg\"><img loading=\"lazy\" decoding=\"async\" class=\"wp-image-346 \" src=\"http:\/\/monikasokol.pl\/wp-content\/uploads\/2014\/11\/z-Bartoszem-05.jpg\" alt=\"Targi Ksi\u0105\u017cki - fotka z B. Fot. Novae Res\" width=\"468\" height=\"351\" srcset=\"http:\/\/monikasokol.pl\/wp-content\/uploads\/2014\/11\/z-Bartoszem-05.jpg 960w, http:\/\/monikasokol.pl\/wp-content\/uploads\/2014\/11\/z-Bartoszem-05-300x225.jpg 300w\" sizes=\"auto, (max-width: 468px) 100vw, 468px\" \/><\/a><figcaption id=\"caption-attachment-346\" class=\"wp-caption-text\">Targi Ksi\u0105\u017cki &#8211; fotka z B. Fot. Novae Res<\/figcaption><\/figure>\n<figure id=\"attachment_347\" aria-describedby=\"caption-attachment-347\" style=\"width: 469px\" class=\"wp-caption aligncenter\"><a href=\"http:\/\/monikasokol.pl\/wp-content\/uploads\/2014\/11\/z-Lukaszem.jpg\"><img loading=\"lazy\" decoding=\"async\" class=\"wp-image-347\" src=\"http:\/\/monikasokol.pl\/wp-content\/uploads\/2014\/11\/z-Lukaszem.jpg\" alt=\"Targi Ksi\u0105\u017cki - fotka z \u0141ukaszem Malinowskim, autorem Skalda. Fot. Novae res.\" width=\"469\" height=\"351\" srcset=\"http:\/\/monikasokol.pl\/wp-content\/uploads\/2014\/11\/z-Lukaszem.jpg 960w, http:\/\/monikasokol.pl\/wp-content\/uploads\/2014\/11\/z-Lukaszem-300x225.jpg 300w\" sizes=\"auto, (max-width: 469px) 100vw, 469px\" \/><\/a><figcaption id=\"caption-attachment-347\" class=\"wp-caption-text\">Targi Ksi\u0105\u017cki &#8211; fotka z \u0141ukaszem Malinowskim, autorem &#8222;Skalda&#8221;. Fot. Novae Res.<\/figcaption><\/figure>\n<p>Pozdrawiam serdecznie i do nast\u0119pnego razu!<\/p>\n<div id=\"fb-root\"><\/div><script src=\"http:\/\/connect.facebook.net\/en_US\/all.js#xfbml=1\"><\/script><fb:like href=\"http:\/\/monikasokol.pl\/?p=345\" send=\"true\" layout=\"standard\" width=\"450\" show_faces=\"true\" font=\"arial\" action=\"like\" colorscheme=\"light\"><\/fb:like>","protected":false},"excerpt":{"rendered":"<p>Jak wiecie, m\u00f3j pobyt w Polsce by\u0142 intensywny, tote\u017c na egzaminie z filozofii i na spotkaniu autorskim si\u0119 nie sko\u0144czy\u0142o. W sobot\u0119 25. pa\u017adziernika wybra\u0142am si\u0119 na Targi Ksi\u0105\u017cki w Krakowie i to pierwszy raz w formie zaproszonego go\u015bcia, a nie wy\u0142\u0105cznie jako konsument literatury :) Chocia\u017c od konsumowania literatury te\u017c si\u0119 nie ustrzeg\u0142am ;-) &hellip; <a href=\"http:\/\/monikasokol.pl\/?p=345\" class=\"more-link\">Czytaj dalej <span class=\"screen-reader-text\">18. Targi Ksi\u0105\u017cki w Krakowie<\/span><\/a><\/p>\n","protected":false},"author":1,"featured_media":0,"comment_status":"open","ping_status":"open","sticky":false,"template":"","format":"standard","meta":{"footnotes":""},"categories":[1],"tags":[],"class_list":["post-345","post","type-post","status-publish","format-standard","hentry","category-bez-kategorii"],"_links":{"self":[{"href":"http:\/\/monikasokol.pl\/index.php?rest_route=\/wp\/v2\/posts\/345","targetHints":{"allow":["GET"]}}],"collection":[{"href":"http:\/\/monikasokol.pl\/index.php?rest_route=\/wp\/v2\/posts"}],"about":[{"href":"http:\/\/monikasokol.pl\/index.php?rest_route=\/wp\/v2\/types\/post"}],"author":[{"embeddable":true,"href":"http:\/\/monikasokol.pl\/index.php?rest_route=\/wp\/v2\/users\/1"}],"replies":[{"embeddable":true,"href":"http:\/\/monikasokol.pl\/index.php?rest_route=%2Fwp%2Fv2%2Fcomments&post=345"}],"version-history":[{"count":2,"href":"http:\/\/monikasokol.pl\/index.php?rest_route=\/wp\/v2\/posts\/345\/revisions"}],"predecessor-version":[{"id":349,"href":"http:\/\/monikasokol.pl\/index.php?rest_route=\/wp\/v2\/posts\/345\/revisions\/349"}],"wp:attachment":[{"href":"http:\/\/monikasokol.pl\/index.php?rest_route=%2Fwp%2Fv2%2Fmedia&parent=345"}],"wp:term":[{"taxonomy":"category","embeddable":true,"href":"http:\/\/monikasokol.pl\/index.php?rest_route=%2Fwp%2Fv2%2Fcategories&post=345"},{"taxonomy":"post_tag","embeddable":true,"href":"http:\/\/monikasokol.pl\/index.php?rest_route=%2Fwp%2Fv2%2Ftags&post=345"}],"curies":[{"name":"wp","href":"https:\/\/api.w.org\/{rel}","templated":true}]}}