{"id":338,"date":"2014-10-31T22:51:30","date_gmt":"2014-10-31T21:51:30","guid":{"rendered":"http:\/\/monikasokol.pl\/?p=338"},"modified":"2014-10-31T22:51:30","modified_gmt":"2014-10-31T21:51:30","slug":"fotki","status":"publish","type":"post","link":"http:\/\/monikasokol.pl\/?p=338","title":{"rendered":"Fotki"},"content":{"rendered":"<p>Tu jeszcze kilka fotek ze spotkania autorskiego, kt\u00f3re mam dzi\u0119ki uprzejmo\u015bci kolegi :)<\/p>\n<figure id=\"attachment_339\" aria-describedby=\"caption-attachment-339\" style=\"width: 282px\" class=\"wp-caption aligncenter\"><a href=\"http:\/\/monikasokol.pl\/wp-content\/uploads\/2014\/10\/Serce-Kamienia_01.jpg\"><img loading=\"lazy\" decoding=\"async\" class=\"wp-image-339\" src=\"http:\/\/monikasokol.pl\/wp-content\/uploads\/2014\/10\/Serce-Kamienia_01.jpg\" alt=\"Ta twarz z ok\u0142adki chyba b\u0119dzie mi si\u0119 \u015bni\u0142a po nocach jeszcze przez nast\u0119pne kilka lat ;-)\" width=\"282\" height=\"424\" srcset=\"http:\/\/monikasokol.pl\/wp-content\/uploads\/2014\/10\/Serce-Kamienia_01.jpg 1365w, http:\/\/monikasokol.pl\/wp-content\/uploads\/2014\/10\/Serce-Kamienia_01-199x300.jpg 199w, http:\/\/monikasokol.pl\/wp-content\/uploads\/2014\/10\/Serce-Kamienia_01-682x1024.jpg 682w\" sizes=\"auto, (max-width: 282px) 100vw, 282px\" \/><\/a><figcaption id=\"caption-attachment-339\" class=\"wp-caption-text\">Ta twarz z ok\u0142adki chyba b\u0119dzie mi si\u0119 \u015bni\u0142a po nocach jeszcze przez nast\u0119pne kilka lat ;-) Fot. Mirek Chudy<\/figcaption><\/figure>\n<figure id=\"attachment_340\" aria-describedby=\"caption-attachment-340\" style=\"width: 470px\" class=\"wp-caption aligncenter\"><a href=\"http:\/\/monikasokol.pl\/wp-content\/uploads\/2014\/10\/Serce-Kamienia_04m.jpg\"><img loading=\"lazy\" decoding=\"async\" class=\"wp-image-340\" src=\"http:\/\/monikasokol.pl\/wp-content\/uploads\/2014\/10\/Serce-Kamienia_04m.jpg\" alt=\"Jej, ci ludzie to do mnie? I pewne chc\u0105 us\u0142ysze\u0107 co\u015b inteligentnego? Carramba! ;-) Fot. Mirek Chudy\" width=\"470\" height=\"359\" srcset=\"http:\/\/monikasokol.pl\/wp-content\/uploads\/2014\/10\/Serce-Kamienia_04m.jpg 1219w, http:\/\/monikasokol.pl\/wp-content\/uploads\/2014\/10\/Serce-Kamienia_04m-300x229.jpg 300w, http:\/\/monikasokol.pl\/wp-content\/uploads\/2014\/10\/Serce-Kamienia_04m-1024x782.jpg 1024w\" sizes=\"auto, (max-width: 470px) 100vw, 470px\" \/><\/a><figcaption id=\"caption-attachment-340\" class=\"wp-caption-text\">Jej, ci ludzie to do mnie? I pewne chc\u0105 us\u0142ysze\u0107 co\u015b inteligentnego? Carramba! ;-) Fot. Mirek Chudy<\/figcaption><\/figure>\n<figure id=\"attachment_341\" aria-describedby=\"caption-attachment-341\" style=\"width: 315px\" class=\"wp-caption aligncenter\"><a href=\"http:\/\/monikasokol.pl\/wp-content\/uploads\/2014\/10\/Serce-Kamienia_05m.jpg\"><img loading=\"lazy\" decoding=\"async\" class=\"wp-image-341\" src=\"http:\/\/monikasokol.pl\/wp-content\/uploads\/2014\/10\/Serce-Kamienia_05m.jpg\" alt=\"Niestety, mam to od dzieci\u0144stwa - gdy si\u0119 u\u015bmiecham wygl\u0105dam jak po\u0142\u0105czenia strzygi z Chi\u0144czykiem - wielkie z\u0119biska i kreski zamiast oczu... ;-) Fot. Mirek Chudy\" width=\"315\" height=\"375\" srcset=\"http:\/\/monikasokol.pl\/wp-content\/uploads\/2014\/10\/Serce-Kamienia_05m.jpg 599w, http:\/\/monikasokol.pl\/wp-content\/uploads\/2014\/10\/Serce-Kamienia_05m-251x300.jpg 251w\" sizes=\"auto, (max-width: 315px) 100vw, 315px\" \/><\/a><figcaption id=\"caption-attachment-341\" class=\"wp-caption-text\">Niestety, mam to od dzieci\u0144stwa &#8211; gdy si\u0119 u\u015bmiecham wygl\u0105dam jak po\u0142\u0105czenia strzygi z Chi\u0144czykiem &#8211; wielkie z\u0119biska i kreski zamiast oczu&#8230; ;-) Fot. Mirek Chudy<\/figcaption><\/figure>\n<figure id=\"attachment_342\" aria-describedby=\"caption-attachment-342\" style=\"width: 306px\" class=\"wp-caption aligncenter\"><a href=\"http:\/\/monikasokol.pl\/wp-content\/uploads\/2014\/10\/Serce-Kamienia_07mb.jpg\"><img loading=\"lazy\" decoding=\"async\" class=\"wp-image-342\" src=\"http:\/\/monikasokol.pl\/wp-content\/uploads\/2014\/10\/Serce-Kamienia_07mb.jpg\" alt=\"Sprawdzian z dykcji ;-) Fot. Mirek Chudy\" width=\"306\" height=\"577\" \/><\/a><figcaption id=\"caption-attachment-342\" class=\"wp-caption-text\">Sprawdzian z dykcji ;-) Fot. Mirek Chudy<\/figcaption><\/figure>\n<figure id=\"attachment_343\" aria-describedby=\"caption-attachment-343\" style=\"width: 324px\" class=\"wp-caption aligncenter\"><a href=\"http:\/\/monikasokol.pl\/wp-content\/uploads\/2014\/10\/Serce-Kamienia_11m.jpg\"><img loading=\"lazy\" decoding=\"async\" class=\"wp-image-343\" src=\"http:\/\/monikasokol.pl\/wp-content\/uploads\/2014\/10\/Serce-Kamienia_11m.jpg\" alt=\"Cz\u0142owiek to si\u0119 musi nam\u0119czy\u0107 umys\u0142owo, \u017ceby te dedykacje mia\u0142y r\u0119ce i nogi ;-D\" width=\"324\" height=\"415\" srcset=\"http:\/\/monikasokol.pl\/wp-content\/uploads\/2014\/10\/Serce-Kamienia_11m.jpg 604w, http:\/\/monikasokol.pl\/wp-content\/uploads\/2014\/10\/Serce-Kamienia_11m-234x300.jpg 234w\" sizes=\"auto, (max-width: 324px) 100vw, 324px\" \/><\/a><figcaption id=\"caption-attachment-343\" class=\"wp-caption-text\">Cz\u0142owiek to si\u0119 musi nam\u0119czy\u0107 umys\u0142owo, \u017ceby te dedykacje mia\u0142y r\u0119ce i nogi ;-D Fot. Mirek Chudy<\/figcaption><\/figure>\n<p>Pozdrawiam!<\/p>\n<div id=\"fb-root\"><\/div><script src=\"http:\/\/connect.facebook.net\/en_US\/all.js#xfbml=1\"><\/script><fb:like href=\"http:\/\/monikasokol.pl\/?p=338\" send=\"true\" layout=\"standard\" width=\"450\" show_faces=\"true\" font=\"arial\" action=\"like\" colorscheme=\"light\"><\/fb:like>","protected":false},"excerpt":{"rendered":"<p>Tu jeszcze kilka fotek ze spotkania autorskiego, kt\u00f3re mam dzi\u0119ki uprzejmo\u015bci kolegi :) Pozdrawiam!<\/p>\n","protected":false},"author":1,"featured_media":0,"comment_status":"open","ping_status":"open","sticky":false,"template":"","format":"standard","meta":{"footnotes":""},"categories":[1],"tags":[],"class_list":["post-338","post","type-post","status-publish","format-standard","hentry","category-bez-kategorii"],"_links":{"self":[{"href":"http:\/\/monikasokol.pl\/index.php?rest_route=\/wp\/v2\/posts\/338","targetHints":{"allow":["GET"]}}],"collection":[{"href":"http:\/\/monikasokol.pl\/index.php?rest_route=\/wp\/v2\/posts"}],"about":[{"href":"http:\/\/monikasokol.pl\/index.php?rest_route=\/wp\/v2\/types\/post"}],"author":[{"embeddable":true,"href":"http:\/\/monikasokol.pl\/index.php?rest_route=\/wp\/v2\/users\/1"}],"replies":[{"embeddable":true,"href":"http:\/\/monikasokol.pl\/index.php?rest_route=%2Fwp%2Fv2%2Fcomments&post=338"}],"version-history":[{"count":1,"href":"http:\/\/monikasokol.pl\/index.php?rest_route=\/wp\/v2\/posts\/338\/revisions"}],"predecessor-version":[{"id":344,"href":"http:\/\/monikasokol.pl\/index.php?rest_route=\/wp\/v2\/posts\/338\/revisions\/344"}],"wp:attachment":[{"href":"http:\/\/monikasokol.pl\/index.php?rest_route=%2Fwp%2Fv2%2Fmedia&parent=338"}],"wp:term":[{"taxonomy":"category","embeddable":true,"href":"http:\/\/monikasokol.pl\/index.php?rest_route=%2Fwp%2Fv2%2Fcategories&post=338"},{"taxonomy":"post_tag","embeddable":true,"href":"http:\/\/monikasokol.pl\/index.php?rest_route=%2Fwp%2Fv2%2Ftags&post=338"}],"curies":[{"name":"wp","href":"https:\/\/api.w.org\/{rel}","templated":true}]}}