{"id":312,"date":"2014-08-29T13:03:47","date_gmt":"2014-08-29T11:03:47","guid":{"rendered":"http:\/\/monikasokol.pl\/?p=312"},"modified":"2014-08-29T13:03:47","modified_gmt":"2014-08-29T11:03:47","slug":"po-strzelinie","status":"publish","type":"post","link":"http:\/\/monikasokol.pl\/?p=312","title":{"rendered":"Po Strzelinie"},"content":{"rendered":"<p>Kilka dni temu wr\u00f3ci\u0142am z Polski. Ostatnim akcentem mojego wyjazdu by\u0142 festiwal Litera Tury w Strzelinie. Zapowiada\u0142o si\u0119 ciekawie, zw\u0142aszcza, \u017ce zaproszony by\u0142 tak\u017ce Graham Masterton (i przyjecha\u0142), ale po tym, jak w rezultacie wygl\u0105da\u0142a ta ca\u0142a impreza, to\u00a0 chyba raczej nie zawita ponownie zbyt szybko do Polski. Nie b\u0119d\u0119 rozpisywa\u0107 si\u0119 o szczeg\u00f3\u0142ach, ale je\u017celi chcecie je pozna\u0107, to zapraszam na <a href=\"http:\/\/piekarska.blog.pl\/?p=134683\" target=\"_blank\">blog Ma\u0142gorzaty Karoliny Piekarskiej<\/a>, kt\u00f3ra dok\u0142adnie opisa\u0142a to, co widzia\u0142a i co j\u0105 spotka\u0142o. My, ja i Po\u0142\u00f3wek, przyj\u0119li\u015bmy to bardziej stoicko, ale chyba tylko dlatego, \u017ce mamy do takich katastrof bardziej norweskie podej\u015bcie. Poznali\u015bmy tam kilka ciekawych os\u00f3b, mi\u0119dzy innymi ch\u0142opak\u00f3w z norweskiej kapeli heavy metalowej Mental Shutdown :-) Gdyby nie takie mi\u0142e akcenty, to ca\u0142y ten wyjazd by\u0142by kompletn\u0105 strat\u0105 czasu i pieni\u0119dzy. Moje spotkanie autorskie si\u0119 odby\u0142o (co samo w sobie by\u0142o du\u017cym sukcesem &#8211; patrzcie blog MKP) i przez 45 min. nawija\u0142am o mojej ksi\u0105\u017cce i nie tylko (K. i D. dzi\u0119ki za przyj\u015bcie ;-) ).<\/p>\n<p>By\u0142am jak zwykle przygotowana i zaopatrzona w materia\u0142y promocyjne (czytaj &#8211; plakaty ;-) ). A oto fotki z lansowania<em> Serca kamienia<\/em> w towarzystwie ksi\u0105\u017cek mistrza Mastertona ;-)<\/p>\n<figure id=\"attachment_313\" aria-describedby=\"caption-attachment-313\" style=\"width: 482px\" class=\"wp-caption aligncenter\"><a href=\"http:\/\/monikasokol.pl\/wp-content\/uploads\/2014\/08\/strzelin01.jpg\"><img loading=\"lazy\" decoding=\"async\" class=\"wp-image-313 \" src=\"http:\/\/monikasokol.pl\/wp-content\/uploads\/2014\/08\/strzelin01.jpg\" alt=\"Na straganie, w dzie\u0144 targowy, takie tocz\u0105 si\u0119 rozmowy... ;-)\" width=\"482\" height=\"336\" srcset=\"http:\/\/monikasokol.pl\/wp-content\/uploads\/2014\/08\/strzelin01.jpg 591w, http:\/\/monikasokol.pl\/wp-content\/uploads\/2014\/08\/strzelin01-300x209.jpg 300w\" sizes=\"auto, (max-width: 482px) 100vw, 482px\" \/><\/a><figcaption id=\"caption-attachment-313\" class=\"wp-caption-text\">Na straganie, w dzie\u0144 targowy, takie tocz\u0105 si\u0119 rozmowy&#8230; ;-)<\/figcaption><\/figure>\n<figure id=\"attachment_314\" aria-describedby=\"caption-attachment-314\" style=\"width: 283px\" class=\"wp-caption aligncenter\"><a href=\"http:\/\/monikasokol.pl\/wp-content\/uploads\/2014\/08\/strzelin02.jpg\"><img loading=\"lazy\" decoding=\"async\" class=\"wp-image-314 \" src=\"http:\/\/monikasokol.pl\/wp-content\/uploads\/2014\/08\/strzelin02.jpg\" alt=\"Nie ma to, jak lansik na obdrapanej \u015bcianie ;-)\" width=\"283\" height=\"470\" srcset=\"http:\/\/monikasokol.pl\/wp-content\/uploads\/2014\/08\/strzelin02.jpg 356w, http:\/\/monikasokol.pl\/wp-content\/uploads\/2014\/08\/strzelin02-180x300.jpg 180w\" sizes=\"auto, (max-width: 283px) 100vw, 283px\" \/><\/a><figcaption id=\"caption-attachment-314\" class=\"wp-caption-text\">Nie ma to, jak lansik na obdrapanej \u015bcianie ;-)<\/figcaption><\/figure>\n<p>Mam nadziej\u0119, \u017ce spotkanie na Targach Ksi\u0105\u017cki w Krakowie, kt\u00f3re odb\u0119dzie si\u0119 25. pa\u017adziernika o godzinie 15.00 na stoisku wydawnictwa Novae Res, pozwoli mi zapomnie\u0107 o tym dziwnym omamie, jakim by\u0142 festiwal Litera Tury w Strzelinie ;-)<\/p>\n<p>Pozdrawiam Was serdecznie!<\/p>\n<div id=\"fb-root\"><\/div><script src=\"http:\/\/connect.facebook.net\/en_US\/all.js#xfbml=1\"><\/script><fb:like href=\"http:\/\/monikasokol.pl\/?p=312\" send=\"true\" layout=\"standard\" width=\"450\" show_faces=\"true\" font=\"arial\" action=\"like\" colorscheme=\"light\"><\/fb:like>","protected":false},"excerpt":{"rendered":"<p>Kilka dni temu wr\u00f3ci\u0142am z Polski. Ostatnim akcentem mojego wyjazdu by\u0142 festiwal Litera Tury w Strzelinie. Zapowiada\u0142o si\u0119 ciekawie, zw\u0142aszcza, \u017ce zaproszony by\u0142 tak\u017ce Graham Masterton (i przyjecha\u0142), ale po tym, jak w rezultacie wygl\u0105da\u0142a ta ca\u0142a impreza, to\u00a0 chyba raczej nie zawita ponownie zbyt szybko do Polski. Nie b\u0119d\u0119 rozpisywa\u0107 si\u0119 o szczeg\u00f3\u0142ach, ale &hellip; <a href=\"http:\/\/monikasokol.pl\/?p=312\" class=\"more-link\">Czytaj dalej <span class=\"screen-reader-text\">Po Strzelinie<\/span><\/a><\/p>\n","protected":false},"author":1,"featured_media":0,"comment_status":"open","ping_status":"open","sticky":false,"template":"","format":"standard","meta":{"footnotes":""},"categories":[1],"tags":[],"class_list":["post-312","post","type-post","status-publish","format-standard","hentry","category-bez-kategorii"],"_links":{"self":[{"href":"http:\/\/monikasokol.pl\/index.php?rest_route=\/wp\/v2\/posts\/312","targetHints":{"allow":["GET"]}}],"collection":[{"href":"http:\/\/monikasokol.pl\/index.php?rest_route=\/wp\/v2\/posts"}],"about":[{"href":"http:\/\/monikasokol.pl\/index.php?rest_route=\/wp\/v2\/types\/post"}],"author":[{"embeddable":true,"href":"http:\/\/monikasokol.pl\/index.php?rest_route=\/wp\/v2\/users\/1"}],"replies":[{"embeddable":true,"href":"http:\/\/monikasokol.pl\/index.php?rest_route=%2Fwp%2Fv2%2Fcomments&post=312"}],"version-history":[{"count":2,"href":"http:\/\/monikasokol.pl\/index.php?rest_route=\/wp\/v2\/posts\/312\/revisions"}],"predecessor-version":[{"id":316,"href":"http:\/\/monikasokol.pl\/index.php?rest_route=\/wp\/v2\/posts\/312\/revisions\/316"}],"wp:attachment":[{"href":"http:\/\/monikasokol.pl\/index.php?rest_route=%2Fwp%2Fv2%2Fmedia&parent=312"}],"wp:term":[{"taxonomy":"category","embeddable":true,"href":"http:\/\/monikasokol.pl\/index.php?rest_route=%2Fwp%2Fv2%2Fcategories&post=312"},{"taxonomy":"post_tag","embeddable":true,"href":"http:\/\/monikasokol.pl\/index.php?rest_route=%2Fwp%2Fv2%2Ftags&post=312"}],"curies":[{"name":"wp","href":"https:\/\/api.w.org\/{rel}","templated":true}]}}