{"id":306,"date":"2014-08-02T10:41:20","date_gmt":"2014-08-02T08:41:20","guid":{"rendered":"http:\/\/monikasokol.pl\/?p=306"},"modified":"2014-08-02T20:43:36","modified_gmt":"2014-08-02T18:43:36","slug":"spotkajmy-sie-na-litera-turze-ii","status":"publish","type":"post","link":"http:\/\/monikasokol.pl\/?p=306","title":{"rendered":"Spotkajmy si\u0119 na Litera Turze II"},"content":{"rendered":"<p>Wakacje, wakacje, wakacje&#8230; Nic mi si\u0119 kompletnie nie chce pisa\u0107, ale nie ma to tamto, tylko trzeba si\u0119 bra\u0107 w gar\u015b\u0107. Zam\u00f3wiono u mnie opowiadanie do zbiorku zwi\u0105zanego z religi\u0105 i obieca\u0142am, \u017ce je napisz\u0119 do ko\u0144ca sierpnia. Jak powiedzia\u0142am, tak zrobi\u0119, najpierw jednak musz\u0119 zwalczy\u0107 w sobie letniego lenia pisarskiego ;-)<\/p>\n<p>W sierpniu zawitam do Strzelina ko\u0142o Wroc\u0142awia, kt\u00f3ry zamieni si\u0119 na dwa dni w miasteczko na wskro\u015b kulturalne. B\u0119dzie muzyka, uliczne teatry i spotkania z pisarzami. Tych spotka\u0144 b\u0119dzie ca\u0142e mn\u00f3stwo. Gwiazd\u0105 bezapelacyjn\u0105 b\u0119dzie Graham Masterton &#8211; wielki mistrz horroru. Pami\u0119tam, \u017ce moje pierwsze spotkanie z literatur\u0105 tego nurtu to by\u0142a jego ksi\u0105\u017cka <em>Manitou<\/em>. Kole\u017canka z klasy sobie j\u0105 kupi\u0142a, a potem na przerwach mi\u0119dzy lekcjami nam j\u0105 opowiada\u0142a. To by\u0142y czasy! :) Na Litera Turze II i ja znalaz\u0142am swoj\u0105 nisz\u0119, kt\u00f3ra znajdzie si\u0119 na III pi\u0119trze Wie\u017cy (poj\u0119cia nie mam, gdzie wspomniana Wie\u017ca si\u0119 znajduje) o godzinie 18.00 dnia 23. sierpnia.<\/p>\n<p>Zapraszam serdecznie wszystkich ch\u0119tnych do ukulturalnienia si\u0119 podczas festiwalu w Strzelinie! Spotkajmy si\u0119 tam :)<\/p>\n<p><a href=\"http:\/\/monikasokol.pl\/wp-content\/uploads\/2014\/08\/Plakat.jpg\"><img loading=\"lazy\" decoding=\"async\" class=\"alignnone size-full wp-image-307\" src=\"http:\/\/monikasokol.pl\/wp-content\/uploads\/2014\/08\/Plakat.jpg\" alt=\"Plakat\" width=\"679\" height=\"960\" srcset=\"http:\/\/monikasokol.pl\/wp-content\/uploads\/2014\/08\/Plakat.jpg 679w, http:\/\/monikasokol.pl\/wp-content\/uploads\/2014\/08\/Plakat-212x300.jpg 212w\" sizes=\"auto, (max-width: 679px) 100vw, 679px\" \/><\/a><\/p>\n<div id=\"fb-root\"><\/div><script src=\"http:\/\/connect.facebook.net\/en_US\/all.js#xfbml=1\"><\/script><fb:like href=\"http:\/\/monikasokol.pl\/?p=306\" send=\"true\" layout=\"standard\" width=\"450\" show_faces=\"true\" font=\"arial\" action=\"like\" colorscheme=\"light\"><\/fb:like>","protected":false},"excerpt":{"rendered":"<p>Wakacje, wakacje, wakacje&#8230; Nic mi si\u0119 kompletnie nie chce pisa\u0107, ale nie ma to tamto, tylko trzeba si\u0119 bra\u0107 w gar\u015b\u0107. Zam\u00f3wiono u mnie opowiadanie do zbiorku zwi\u0105zanego z religi\u0105 i obieca\u0142am, \u017ce je napisz\u0119 do ko\u0144ca sierpnia. Jak powiedzia\u0142am, tak zrobi\u0119, najpierw jednak musz\u0119 zwalczy\u0107 w sobie letniego lenia pisarskiego ;-) W sierpniu zawitam &hellip; <a href=\"http:\/\/monikasokol.pl\/?p=306\" class=\"more-link\">Czytaj dalej <span class=\"screen-reader-text\">Spotkajmy si\u0119 na Litera Turze II<\/span><\/a><\/p>\n","protected":false},"author":1,"featured_media":0,"comment_status":"open","ping_status":"open","sticky":false,"template":"","format":"standard","meta":{"footnotes":""},"categories":[1],"tags":[],"class_list":["post-306","post","type-post","status-publish","format-standard","hentry","category-bez-kategorii"],"_links":{"self":[{"href":"http:\/\/monikasokol.pl\/index.php?rest_route=\/wp\/v2\/posts\/306","targetHints":{"allow":["GET"]}}],"collection":[{"href":"http:\/\/monikasokol.pl\/index.php?rest_route=\/wp\/v2\/posts"}],"about":[{"href":"http:\/\/monikasokol.pl\/index.php?rest_route=\/wp\/v2\/types\/post"}],"author":[{"embeddable":true,"href":"http:\/\/monikasokol.pl\/index.php?rest_route=\/wp\/v2\/users\/1"}],"replies":[{"embeddable":true,"href":"http:\/\/monikasokol.pl\/index.php?rest_route=%2Fwp%2Fv2%2Fcomments&post=306"}],"version-history":[{"count":2,"href":"http:\/\/monikasokol.pl\/index.php?rest_route=\/wp\/v2\/posts\/306\/revisions"}],"predecessor-version":[{"id":309,"href":"http:\/\/monikasokol.pl\/index.php?rest_route=\/wp\/v2\/posts\/306\/revisions\/309"}],"wp:attachment":[{"href":"http:\/\/monikasokol.pl\/index.php?rest_route=%2Fwp%2Fv2%2Fmedia&parent=306"}],"wp:term":[{"taxonomy":"category","embeddable":true,"href":"http:\/\/monikasokol.pl\/index.php?rest_route=%2Fwp%2Fv2%2Fcategories&post=306"},{"taxonomy":"post_tag","embeddable":true,"href":"http:\/\/monikasokol.pl\/index.php?rest_route=%2Fwp%2Fv2%2Ftags&post=306"}],"curies":[{"name":"wp","href":"https:\/\/api.w.org\/{rel}","templated":true}]}}