{"id":299,"date":"2014-07-20T18:17:58","date_gmt":"2014-07-20T16:17:58","guid":{"rendered":"http:\/\/monikasokol.pl\/?p=299"},"modified":"2014-07-20T18:17:58","modified_gmt":"2014-07-20T16:17:58","slug":"pierwsze-koty-za-ploty-fotki","status":"publish","type":"post","link":"http:\/\/monikasokol.pl\/?p=299","title":{"rendered":"Pierwsze koty za p\u0142oty &#8211; fotki"},"content":{"rendered":"<p style=\"margin-bottom: 0cm;\">Moje spotkanie autorskie (pierwsze w \u017cyciu) odby\u0142o si\u0119 bez wi\u0119kszych przeszk\u00f3d w pi\u0105tek 11. lipca. Bardzo si\u0119 denerwowa\u0142am, bo nie mia\u0142am poj\u0119cia, jak takie spotkanie wygl\u0105da i co si\u0119 na nim dzieje, ale na szcz\u0119\u015bcie m\u00f3j bardzo dobry znajomy i niegdysiejszy redaktor, S\u0142awek Spasiewicz, zadawa\u0142 mi mniej lub bardziej wygodne pytania, na kt\u00f3re stara\u0142am si\u0119 w miar\u0119 inteligentnie odpowiada\u0107. I jako\u015b posz\u0142o. Ale stres by\u0142, bo odzwyczai\u0142am si\u0119 od publicznych wyst\u0105pie\u0144 :)<\/p>\n<p style=\"margin-bottom: 0cm;\">Bardzo chcia\u0142abym podzi\u0119kowa\u0107 wszystkim, kt\u00f3rzy zjawili si\u0119 na tym spotkaniu \u2013 wspaniale by\u0142o was zobaczy\u0107, a niekt\u00f3rych to w og\u00f3le pozna\u0107. Mam nadziej\u0119, \u017ce to nie pierwsze nasze spotkanie oko w oko.<\/p>\n<p style=\"margin-bottom: 0cm;\">Poni\u017cej wrzucam kilka fotek autorstwa w\u0142a\u015bciciela ksi\u0119garni, Wojtka (Wojtku, je\u015bli mnie czytasz, dzi\u0119ki za organizacj\u0119 tego spotkania) i <a href=\"http:\/\/sztukater.pl\/wywiady\/item\/13719-literatura-ii-strzelin-2014-monika-sokol-rudowska.html\">wywiad ze mn\u0105<\/a> + <a href=\"http:\/\/www.ksiazka.net.pl\/index.php?id=49&amp;tx_ttnews[tt_news]=20065&amp;cHash=4c3a0b483c\">kolejna recenzja<\/a>.<\/p>\n<p style=\"margin-bottom: 0cm;\">Pozdrawiam!<\/p>\n<figure id=\"attachment_300\" aria-describedby=\"caption-attachment-300\" style=\"width: 402px\" class=\"wp-caption aligncenter\"><a href=\"http:\/\/monikasokol.pl\/wp-content\/uploads\/2014\/07\/876.jpg\"><img loading=\"lazy\" decoding=\"async\" class=\"wp-image-300 \" src=\"http:\/\/monikasokol.pl\/wp-content\/uploads\/2014\/07\/876.jpg\" alt=\"Autorka uchachana :) Fot. W. G\u0142uszek\" width=\"402\" height=\"603\" srcset=\"http:\/\/monikasokol.pl\/wp-content\/uploads\/2014\/07\/876.jpg 1152w, http:\/\/monikasokol.pl\/wp-content\/uploads\/2014\/07\/876-200x300.jpg 200w, http:\/\/monikasokol.pl\/wp-content\/uploads\/2014\/07\/876-682x1024.jpg 682w\" sizes=\"auto, (max-width: 402px) 100vw, 402px\" \/><\/a><figcaption id=\"caption-attachment-300\" class=\"wp-caption-text\">Autorka uchachana :) Fot. W. G\u0142uszek<\/figcaption><\/figure>\n<figure id=\"attachment_301\" aria-describedby=\"caption-attachment-301\" style=\"width: 486px\" class=\"wp-caption aligncenter\"><a href=\"http:\/\/monikasokol.pl\/wp-content\/uploads\/2014\/07\/877.jpg\"><img loading=\"lazy\" decoding=\"async\" class=\"wp-image-301 \" src=\"http:\/\/monikasokol.pl\/wp-content\/uploads\/2014\/07\/877.jpg\" alt=\"Tutaj mo\u017cna zaobserwowa\u0107 dobry humor zar\u00f3wno u Autorki, jak i u Prowadz\u0105cego :) Fot. W G\u0142uszek\" width=\"486\" height=\"324\" srcset=\"http:\/\/monikasokol.pl\/wp-content\/uploads\/2014\/07\/877.jpg 1728w, http:\/\/monikasokol.pl\/wp-content\/uploads\/2014\/07\/877-300x200.jpg 300w, http:\/\/monikasokol.pl\/wp-content\/uploads\/2014\/07\/877-1024x682.jpg 1024w\" sizes=\"auto, (max-width: 486px) 100vw, 486px\" \/><\/a><figcaption id=\"caption-attachment-301\" class=\"wp-caption-text\">Tutaj mo\u017cna zaobserwowa\u0107 dobry humor zar\u00f3wno u Autorki, jak i u Prowadz\u0105cego :) Fot. W G\u0142uszek<\/figcaption><\/figure>\n<figure id=\"attachment_302\" aria-describedby=\"caption-attachment-302\" style=\"width: 488px\" class=\"wp-caption aligncenter\"><a href=\"http:\/\/monikasokol.pl\/wp-content\/uploads\/2014\/07\/880.jpg\"><img loading=\"lazy\" decoding=\"async\" class=\"wp-image-302 \" src=\"http:\/\/monikasokol.pl\/wp-content\/uploads\/2014\/07\/880.jpg\" alt=\"Szanowna Publiczno\u015b\u0107 (a przynajmniej jej cz\u0119\u015b\u0107). Fot. W. G\u0142uszek.\" width=\"488\" height=\"325\" srcset=\"http:\/\/monikasokol.pl\/wp-content\/uploads\/2014\/07\/880.jpg 1728w, http:\/\/monikasokol.pl\/wp-content\/uploads\/2014\/07\/880-300x200.jpg 300w, http:\/\/monikasokol.pl\/wp-content\/uploads\/2014\/07\/880-1024x682.jpg 1024w\" sizes=\"auto, (max-width: 488px) 100vw, 488px\" \/><\/a><figcaption id=\"caption-attachment-302\" class=\"wp-caption-text\">Szanowna Publiczno\u015b\u0107 (a przynajmniej jej cz\u0119\u015b\u0107). Fot. W. G\u0142uszek.<\/figcaption><\/figure>\n<div id=\"fb-root\"><\/div><script src=\"http:\/\/connect.facebook.net\/en_US\/all.js#xfbml=1\"><\/script><fb:like href=\"http:\/\/monikasokol.pl\/?p=299\" send=\"true\" layout=\"standard\" width=\"450\" show_faces=\"true\" font=\"arial\" action=\"like\" colorscheme=\"light\"><\/fb:like>","protected":false},"excerpt":{"rendered":"<p>Moje spotkanie autorskie (pierwsze w \u017cyciu) odby\u0142o si\u0119 bez wi\u0119kszych przeszk\u00f3d w pi\u0105tek 11. lipca. Bardzo si\u0119 denerwowa\u0142am, bo nie mia\u0142am poj\u0119cia, jak takie spotkanie wygl\u0105da i co si\u0119 na nim dzieje, ale na szcz\u0119\u015bcie m\u00f3j bardzo dobry znajomy i niegdysiejszy redaktor, S\u0142awek Spasiewicz, zadawa\u0142 mi mniej lub bardziej wygodne pytania, na kt\u00f3re stara\u0142am si\u0119 &hellip; <a href=\"http:\/\/monikasokol.pl\/?p=299\" class=\"more-link\">Czytaj dalej <span class=\"screen-reader-text\">Pierwsze koty za p\u0142oty &#8211; fotki<\/span><\/a><\/p>\n","protected":false},"author":1,"featured_media":0,"comment_status":"open","ping_status":"open","sticky":false,"template":"","format":"standard","meta":{"footnotes":""},"categories":[1],"tags":[],"class_list":["post-299","post","type-post","status-publish","format-standard","hentry","category-bez-kategorii"],"_links":{"self":[{"href":"http:\/\/monikasokol.pl\/index.php?rest_route=\/wp\/v2\/posts\/299","targetHints":{"allow":["GET"]}}],"collection":[{"href":"http:\/\/monikasokol.pl\/index.php?rest_route=\/wp\/v2\/posts"}],"about":[{"href":"http:\/\/monikasokol.pl\/index.php?rest_route=\/wp\/v2\/types\/post"}],"author":[{"embeddable":true,"href":"http:\/\/monikasokol.pl\/index.php?rest_route=\/wp\/v2\/users\/1"}],"replies":[{"embeddable":true,"href":"http:\/\/monikasokol.pl\/index.php?rest_route=%2Fwp%2Fv2%2Fcomments&post=299"}],"version-history":[{"count":1,"href":"http:\/\/monikasokol.pl\/index.php?rest_route=\/wp\/v2\/posts\/299\/revisions"}],"predecessor-version":[{"id":303,"href":"http:\/\/monikasokol.pl\/index.php?rest_route=\/wp\/v2\/posts\/299\/revisions\/303"}],"wp:attachment":[{"href":"http:\/\/monikasokol.pl\/index.php?rest_route=%2Fwp%2Fv2%2Fmedia&parent=299"}],"wp:term":[{"taxonomy":"category","embeddable":true,"href":"http:\/\/monikasokol.pl\/index.php?rest_route=%2Fwp%2Fv2%2Fcategories&post=299"},{"taxonomy":"post_tag","embeddable":true,"href":"http:\/\/monikasokol.pl\/index.php?rest_route=%2Fwp%2Fv2%2Ftags&post=299"}],"curies":[{"name":"wp","href":"https:\/\/api.w.org\/{rel}","templated":true}]}}