{"id":295,"date":"2014-07-01T14:39:15","date_gmt":"2014-07-01T12:39:15","guid":{"rendered":"http:\/\/monikasokol.pl\/?p=295"},"modified":"2014-07-01T14:39:15","modified_gmt":"2014-07-01T12:39:15","slug":"spotkanie-autorskie-krakow","status":"publish","type":"post","link":"http:\/\/monikasokol.pl\/?p=295","title":{"rendered":"Spotkanie autorskie &#8211; Krak\u00f3w"},"content":{"rendered":"<p style=\"margin-bottom: 0cm;\">Tak, moi drodzy czytelnicy, spotkanie autorskie w Krakowie 11. lipca o 17.00 w ksi\u0119garni Fankomiks przy ul. Batorego 2, jest ju\u017c oficjalnie potwierdzone :-) Spotkanie prowadzi\u0107 b\u0119dzie m\u00f3j przyjaciel, S\u0142awek Spasiewicz (mi\u0119dzy innymi by\u0142y redaktor naczelny periodyku Creatio Fantastica). Zamierzam mi\u0119dzy innymi opowiedzie\u0107 nieco o celtyckich legendach, na kt\u00f3rych bazowa\u0142am, pisz\u0105c ksi\u0105\u017ck\u0119. Mam nadziej\u0119, \u017ce b\u0119dzie to na tyle interesuj\u0105ce, by was nie zanudzi\u0107 ;-) Bardzo serdecznie zapraszam wszystkich \u2013 zar\u00f3wno tych, kt\u00f3rzy mnie znaj\u0105, jak i tych, kt\u00f3rzy chc\u0105 mnie pozna\u0107 osobi\u015bcie. Do zobaczenia!<\/p>\n<div id=\"fb-root\"><\/div><script src=\"http:\/\/connect.facebook.net\/en_US\/all.js#xfbml=1\"><\/script><fb:like href=\"http:\/\/monikasokol.pl\/?p=295\" send=\"true\" layout=\"standard\" width=\"450\" show_faces=\"true\" font=\"arial\" action=\"like\" colorscheme=\"light\"><\/fb:like>","protected":false},"excerpt":{"rendered":"<p>Tak, moi drodzy czytelnicy, spotkanie autorskie w Krakowie 11. lipca o 17.00 w ksi\u0119garni Fankomiks przy ul. Batorego 2, jest ju\u017c oficjalnie potwierdzone :-) Spotkanie prowadzi\u0107 b\u0119dzie m\u00f3j przyjaciel, S\u0142awek Spasiewicz (mi\u0119dzy innymi by\u0142y redaktor naczelny periodyku Creatio Fantastica). Zamierzam mi\u0119dzy innymi opowiedzie\u0107 nieco o celtyckich legendach, na kt\u00f3rych bazowa\u0142am, pisz\u0105c ksi\u0105\u017ck\u0119. Mam nadziej\u0119, \u017ce &hellip; <a href=\"http:\/\/monikasokol.pl\/?p=295\" class=\"more-link\">Czytaj dalej <span class=\"screen-reader-text\">Spotkanie autorskie &#8211; Krak\u00f3w<\/span><\/a><\/p>\n","protected":false},"author":1,"featured_media":0,"comment_status":"open","ping_status":"open","sticky":false,"template":"","format":"standard","meta":{"footnotes":""},"categories":[1],"tags":[],"class_list":["post-295","post","type-post","status-publish","format-standard","hentry","category-bez-kategorii"],"_links":{"self":[{"href":"http:\/\/monikasokol.pl\/index.php?rest_route=\/wp\/v2\/posts\/295","targetHints":{"allow":["GET"]}}],"collection":[{"href":"http:\/\/monikasokol.pl\/index.php?rest_route=\/wp\/v2\/posts"}],"about":[{"href":"http:\/\/monikasokol.pl\/index.php?rest_route=\/wp\/v2\/types\/post"}],"author":[{"embeddable":true,"href":"http:\/\/monikasokol.pl\/index.php?rest_route=\/wp\/v2\/users\/1"}],"replies":[{"embeddable":true,"href":"http:\/\/monikasokol.pl\/index.php?rest_route=%2Fwp%2Fv2%2Fcomments&post=295"}],"version-history":[{"count":1,"href":"http:\/\/monikasokol.pl\/index.php?rest_route=\/wp\/v2\/posts\/295\/revisions"}],"predecessor-version":[{"id":296,"href":"http:\/\/monikasokol.pl\/index.php?rest_route=\/wp\/v2\/posts\/295\/revisions\/296"}],"wp:attachment":[{"href":"http:\/\/monikasokol.pl\/index.php?rest_route=%2Fwp%2Fv2%2Fmedia&parent=295"}],"wp:term":[{"taxonomy":"category","embeddable":true,"href":"http:\/\/monikasokol.pl\/index.php?rest_route=%2Fwp%2Fv2%2Fcategories&post=295"},{"taxonomy":"post_tag","embeddable":true,"href":"http:\/\/monikasokol.pl\/index.php?rest_route=%2Fwp%2Fv2%2Ftags&post=295"}],"curies":[{"name":"wp","href":"https:\/\/api.w.org\/{rel}","templated":true}]}}