{"id":291,"date":"2014-06-19T10:48:30","date_gmt":"2014-06-19T08:48:30","guid":{"rendered":"http:\/\/monikasokol.pl\/?p=291"},"modified":"2014-06-19T10:48:30","modified_gmt":"2014-06-19T08:48:30","slug":"krakow-planowane-spotkanie-autorskie","status":"publish","type":"post","link":"http:\/\/monikasokol.pl\/?p=291","title":{"rendered":"Krak\u00f3w &#8211; planowane spotkanie autorskie"},"content":{"rendered":"<p>Podczas mojego trzytygodniowego <em>urlopu<\/em> (ha, ha, ha \u2013 tu \u015bmiech pe\u0142en goryczy) odwiedzi\u0142am w trybie expressowym Krak\u00f3w, przede wszystkim po to, \u017ceby spotka\u0107 oko w oko mojego promotora. Przy okazji otrzyma\u0142am propozycj\u0119 zorganizowania spotkania autorskiego ze mn\u0105 w roli g\u0142\u00f3wnej, od pewnej zaprzyja\u017anionej ksi\u0119garni komiksowej. Oczywi\u015bcie zgodzi\u0142am si\u0119 bez wahania (przecie\u017c ja tylko czyham na takie propozycje ;) ) i wst\u0119pnie ustalili\u015bmy, \u017ce odb\u0119dzie si\u0119 ono 11. lipca zapewne oko\u0142o godziny 17. <em>Ustalili\u015bmy<\/em> to drobny eufemizm ;) \u2013 po wst\u0119pnym pytaniu zadanym nieopatrznie przez w\u0142a\u015bciciela wspomnianej ksi\u0119garni, zostawi\u0142am go z wybran\u0105 dat\u0105, zak\u0142adkami i plakatami promuj\u0105cymi ksi\u0105\u017ck\u0119 w gar\u015bci. Ja to nazywam siln\u0105 osobowo\u015bci\u0105 i zmys\u0142em organizacyjnym :D<\/p>\n<p>Teraz troch\u0119 o miejscu, gdzie odb\u0119dzie si\u0119 spotkanie. <a href=\"http:\/\/www.fankomiks.pl\/\" target=\"_blank\"><strong><em>Fankomiks <\/em><\/strong><\/a>to ksi\u0119garnia specjalizuj\u0105ca si\u0119 w komiksach i literaturze fantastycznej. Znajduje si\u0119 w Krakowie przy ulicy Batorego 2. Od lat jest to jedno z moich ulubionych miejsc, kt\u00f3re odwiedzam podczas niemal ka\u017cdego mojego pobytu w Krakowie (wcze\u015bniej znajdowa\u0142a si\u0119 w podw\u00f3rzu przy Rynku). Najch\u0119tniej wykupi\u0142abym \u00be znajduj\u0105cych si\u0119 tam komiks\u00f3w, ale ze wzgl\u0119du na ograniczenie baga\u017cowe na lotnisku, musz\u0119 si\u0119 ogranicza\u0107 :) Tym razem mia\u0142am prawie 4 kg nadbaga\u017cu, ale wystarczy\u0142o, \u017ce prze\u0142o\u017cy\u0142am do podr\u0119cznego moje komiksowo-ksi\u0105\u017ckowe zakupy, by waga spad\u0142a o 5 kilo :) Najbardziej lubi\u0119 w tej ksi\u0119garni to, \u017ce zawsze mog\u0119 z w\u0142a\u015bcicielem porozmawia\u0107 o tym, co ciekawego dzieje si\u0119 w \u015bwiecie komiksowym, o nowo\u015bciach, wymieni\u0107 si\u0119 uwagami na temat przeczytanych komiks\u00f3w czy ksi\u0105\u017cek fantastycznych. Tak to jest, gdy spotyka si\u0119 dwoje mi\u0142o\u015bnik\u00f3w ksi\u0105\u017cek rysowanych \u2013 nie wiadomo, kiedy czas mija :)<\/p>\n<p>Tote\u017c, moi drodzy czytelnicy, kt\u00f3rzy mieszkacie w okolicach Krakowa lub akurat tego 11. lipca zamierzacie si\u0119 w nim znale\u017a\u0107, zapraszam Was na moje pierwsze spotkanie autorskie. B\u0119dzie zabawnie :D<\/p>\n<p>Kolejne spotkanie szykuje si\u0119 podczas du\u017cej imprezy kulturalnej, kt\u00f3ra organizowana jest pod koniec sierpnia w Strzelinie ko\u0142o Wroc\u0142awia. O tym jednak kiedy indziej (gdy b\u0119d\u0119 zna\u0142a wi\u0119cej szczeg\u00f3\u0142\u00f3w).<\/p>\n<p>Pozdrawiam!<\/p>\n<div id=\"fb-root\"><\/div><script src=\"http:\/\/connect.facebook.net\/en_US\/all.js#xfbml=1\"><\/script><fb:like href=\"http:\/\/monikasokol.pl\/?p=291\" send=\"true\" layout=\"standard\" width=\"450\" show_faces=\"true\" font=\"arial\" action=\"like\" colorscheme=\"light\"><\/fb:like>","protected":false},"excerpt":{"rendered":"<p>Podczas mojego trzytygodniowego urlopu (ha, ha, ha \u2013 tu \u015bmiech pe\u0142en goryczy) odwiedzi\u0142am w trybie expressowym Krak\u00f3w, przede wszystkim po to, \u017ceby spotka\u0107 oko w oko mojego promotora. Przy okazji otrzyma\u0142am propozycj\u0119 zorganizowania spotkania autorskiego ze mn\u0105 w roli g\u0142\u00f3wnej, od pewnej zaprzyja\u017anionej ksi\u0119garni komiksowej. Oczywi\u015bcie zgodzi\u0142am si\u0119 bez wahania (przecie\u017c ja tylko czyham na &hellip; <a href=\"http:\/\/monikasokol.pl\/?p=291\" class=\"more-link\">Czytaj dalej <span class=\"screen-reader-text\">Krak\u00f3w &#8211; planowane spotkanie autorskie<\/span><\/a><\/p>\n","protected":false},"author":1,"featured_media":0,"comment_status":"open","ping_status":"open","sticky":false,"template":"","format":"standard","meta":{"footnotes":""},"categories":[1],"tags":[],"class_list":["post-291","post","type-post","status-publish","format-standard","hentry","category-bez-kategorii"],"_links":{"self":[{"href":"http:\/\/monikasokol.pl\/index.php?rest_route=\/wp\/v2\/posts\/291","targetHints":{"allow":["GET"]}}],"collection":[{"href":"http:\/\/monikasokol.pl\/index.php?rest_route=\/wp\/v2\/posts"}],"about":[{"href":"http:\/\/monikasokol.pl\/index.php?rest_route=\/wp\/v2\/types\/post"}],"author":[{"embeddable":true,"href":"http:\/\/monikasokol.pl\/index.php?rest_route=\/wp\/v2\/users\/1"}],"replies":[{"embeddable":true,"href":"http:\/\/monikasokol.pl\/index.php?rest_route=%2Fwp%2Fv2%2Fcomments&post=291"}],"version-history":[{"count":2,"href":"http:\/\/monikasokol.pl\/index.php?rest_route=\/wp\/v2\/posts\/291\/revisions"}],"predecessor-version":[{"id":293,"href":"http:\/\/monikasokol.pl\/index.php?rest_route=\/wp\/v2\/posts\/291\/revisions\/293"}],"wp:attachment":[{"href":"http:\/\/monikasokol.pl\/index.php?rest_route=%2Fwp%2Fv2%2Fmedia&parent=291"}],"wp:term":[{"taxonomy":"category","embeddable":true,"href":"http:\/\/monikasokol.pl\/index.php?rest_route=%2Fwp%2Fv2%2Fcategories&post=291"},{"taxonomy":"post_tag","embeddable":true,"href":"http:\/\/monikasokol.pl\/index.php?rest_route=%2Fwp%2Fv2%2Ftags&post=291"}],"curies":[{"name":"wp","href":"https:\/\/api.w.org\/{rel}","templated":true}]}}