{"id":272,"date":"2014-05-04T18:43:42","date_gmt":"2014-05-04T16:43:42","guid":{"rendered":"http:\/\/monikasokol.pl\/?p=272"},"modified":"2014-05-04T18:43:42","modified_gmt":"2014-05-04T16:43:42","slug":"dokad-zawedruje-serce-kamienia","status":"publish","type":"post","link":"http:\/\/monikasokol.pl\/?p=272","title":{"rendered":"Dok\u0105d zaw\u0119druje Serce kamienia?"},"content":{"rendered":"<p style=\"margin-bottom: 0cm;\">Niedawno otrzyma\u0142am za po\u015brednictwem kole\u017canki (dzi\u0119ki, Judyto) pewne zdj\u0119cia, kt\u00f3re podsun\u0119\u0142y mi pomys\u0142 na now\u0105 zabaw\u0119. Pomys\u0142 tak w rzeczywisto\u015bci nie jest mojego autorstwa \u2013 pierwotnie zosta\u0142 wykorzystany przez bohaterk\u0119 francuskiego filmu <i>Amelia.<\/i> Wspomniana Amelia ukrad\u0142a z ogr\u00f3dka swojego ojca gipsowego krasnala i poprosi\u0142a kole\u017cank\u0119 pracuj\u0105c\u0105 jako stewardessa, \u017ceby fotografowa\u0142a rzeczonego krasnala na tle zabytk\u00f3w ca\u0142ego \u015bwiata. Ca\u0142a intryga mia\u0142a na celu sk\u0142oni\u0107 ojca bohaterki do realizacji jego marze\u0144 o podr\u00f3\u017cach, co w rezultacie si\u0119 powiod\u0142o. Bazuj\u0105c na podobnym za\u0142o\u017ceniu (chocia\u017c mnie do podr\u00f3\u017cy nie trzeba specjalnie zmusza\u0107), prosz\u0119 Was, drodzy czytelnicy, \u017ceby\u015bcie nadsy\u0142ali zdj\u0119cia <i>Serca kamienia<\/i> robione na tle r\u00f3\u017cnych miejsc lub wydarze\u0144. Kto odwa\u017cy si\u0119 zabiera\u0107 <span style=\"font-style: normal;\">Magran<\/span> do teatru? No kto? Albo na mecz pi\u0142karski? Albo na wycieczk\u0119 pod palmy? Zr\u00f3bmy z tego ciekawy album :-)<\/p>\n<p style=\"margin-bottom: 0cm;\">Mail, na kt\u00f3ry nale\u017cy przesy\u0142a\u0107 zdj\u0119cia, podany jest w bocznej kolumnie. W ramach nagrody przewiduj\u0119 co\u015b, co b\u0119dzie unikalne, limitowane i co jest dopiero w fazie pomys\u0142u :-)<\/p>\n<p style=\"margin-bottom: 0cm;\">Jako pierwsze koty za p\u0142oty, umieszczam zdj\u0119cie zrobione przez Artura K. z tegorocznego Pyrkonu w Poznaniu. Magran jako <i>tajnos agentos<\/i> ;-)<\/p>\n<figure id=\"attachment_274\" aria-describedby=\"caption-attachment-274\" style=\"width: 591px\" class=\"wp-caption aligncenter\"><a href=\"http:\/\/monikasokol.pl\/wp-content\/uploads\/2014\/05\/Pyrkon-AK.jpg\"><img loading=\"lazy\" decoding=\"async\" class=\"wp-image-274 size-full\" src=\"http:\/\/monikasokol.pl\/wp-content\/uploads\/2014\/05\/Pyrkon-AK.jpg\" alt=\"Magran na Pyrkonie :)\" width=\"591\" height=\"443\" srcset=\"http:\/\/monikasokol.pl\/wp-content\/uploads\/2014\/05\/Pyrkon-AK.jpg 591w, http:\/\/monikasokol.pl\/wp-content\/uploads\/2014\/05\/Pyrkon-AK-300x224.jpg 300w\" sizes=\"auto, (max-width: 591px) 100vw, 591px\" \/><\/a><figcaption id=\"caption-attachment-274\" class=\"wp-caption-text\">Magran na Pyrkonie :)<\/figcaption><\/figure>\n<p style=\"margin-bottom: 0cm;\">Mam nadziej\u0119, \u017ce zabawa Wam si\u0119 spodoba i \u017ce prze\u015blecie mi mn\u00f3stwo fotografii :-)<\/p>\n<p style=\"margin-bottom: 0cm;\">Pozdrawiam!<\/p>\n<div id=\"fb-root\"><\/div><script src=\"http:\/\/connect.facebook.net\/en_US\/all.js#xfbml=1\"><\/script><fb:like href=\"http:\/\/monikasokol.pl\/?p=272\" send=\"true\" layout=\"standard\" width=\"450\" show_faces=\"true\" font=\"arial\" action=\"like\" colorscheme=\"light\"><\/fb:like>","protected":false},"excerpt":{"rendered":"<p>Niedawno otrzyma\u0142am za po\u015brednictwem kole\u017canki (dzi\u0119ki, Judyto) pewne zdj\u0119cia, kt\u00f3re podsun\u0119\u0142y mi pomys\u0142 na now\u0105 zabaw\u0119. Pomys\u0142 tak w rzeczywisto\u015bci nie jest mojego autorstwa \u2013 pierwotnie zosta\u0142 wykorzystany przez bohaterk\u0119 francuskiego filmu Amelia. Wspomniana Amelia ukrad\u0142a z ogr\u00f3dka swojego ojca gipsowego krasnala i poprosi\u0142a kole\u017cank\u0119 pracuj\u0105c\u0105 jako stewardessa, \u017ceby fotografowa\u0142a rzeczonego krasnala na tle zabytk\u00f3w &hellip; <a href=\"http:\/\/monikasokol.pl\/?p=272\" class=\"more-link\">Czytaj dalej <span class=\"screen-reader-text\">Dok\u0105d zaw\u0119druje Serce kamienia?<\/span><\/a><\/p>\n","protected":false},"author":1,"featured_media":0,"comment_status":"open","ping_status":"open","sticky":false,"template":"","format":"standard","meta":{"footnotes":""},"categories":[1],"tags":[],"class_list":["post-272","post","type-post","status-publish","format-standard","hentry","category-bez-kategorii"],"_links":{"self":[{"href":"http:\/\/monikasokol.pl\/index.php?rest_route=\/wp\/v2\/posts\/272","targetHints":{"allow":["GET"]}}],"collection":[{"href":"http:\/\/monikasokol.pl\/index.php?rest_route=\/wp\/v2\/posts"}],"about":[{"href":"http:\/\/monikasokol.pl\/index.php?rest_route=\/wp\/v2\/types\/post"}],"author":[{"embeddable":true,"href":"http:\/\/monikasokol.pl\/index.php?rest_route=\/wp\/v2\/users\/1"}],"replies":[{"embeddable":true,"href":"http:\/\/monikasokol.pl\/index.php?rest_route=%2Fwp%2Fv2%2Fcomments&post=272"}],"version-history":[{"count":1,"href":"http:\/\/monikasokol.pl\/index.php?rest_route=\/wp\/v2\/posts\/272\/revisions"}],"predecessor-version":[{"id":275,"href":"http:\/\/monikasokol.pl\/index.php?rest_route=\/wp\/v2\/posts\/272\/revisions\/275"}],"wp:attachment":[{"href":"http:\/\/monikasokol.pl\/index.php?rest_route=%2Fwp%2Fv2%2Fmedia&parent=272"}],"wp:term":[{"taxonomy":"category","embeddable":true,"href":"http:\/\/monikasokol.pl\/index.php?rest_route=%2Fwp%2Fv2%2Fcategories&post=272"},{"taxonomy":"post_tag","embeddable":true,"href":"http:\/\/monikasokol.pl\/index.php?rest_route=%2Fwp%2Fv2%2Ftags&post=272"}],"curies":[{"name":"wp","href":"https:\/\/api.w.org\/{rel}","templated":true}]}}