{"id":238,"date":"2014-04-08T08:26:15","date_gmt":"2014-04-08T06:26:15","guid":{"rendered":"http:\/\/monikasokol.pl\/?p=238"},"modified":"2014-04-08T08:26:15","modified_gmt":"2014-04-08T06:26:15","slug":"zabawy-ciag-dalszy","status":"publish","type":"post","link":"http:\/\/monikasokol.pl\/?p=238","title":{"rendered":"Zabawy ci\u0105g dalszy"},"content":{"rendered":"<p>Moi drodzy, na facebookowym profilu Patrimonium Europae zabawa konkursowa zwi\u0105zana z Celtami trwa nadal. Pierwsza ksi\u0105\u017cka posz\u0142a ju\u017c do osoby, kt\u00f3ra prawid\u0142owo podpowiedzia\u0142a na pytanie: Jak nazywa\u0142 si\u0119 mitologiczny kr\u00f3l z plemienia Tuatha De Danann, kt\u00f3rego odci\u0119ta w bitwie r\u0119ka zosta\u0142a zast\u0105piona srebrn\u0105 protez\u0105? Odpowied\u017a to Nuada Srebrnor\u0119ki lub Nuada ze Srebrn\u0105 R\u0119k\u0105. Gratulacje dla zwyci\u0119\u017cczyni :)<\/p>\n<p>Co do samego Nuady, to nied\u0142ugo napisz\u0119 o nim co\u015b wi\u0119cej.<\/p>\n<p>A teraz drugie pytanie konkursowe i mo\u017cliwo\u015b\u0107 wygrania drugiej ksi\u0105\u017cki:<\/p>\n<p><strong>Jak nazywa\u0142y si\u0119 cztery najwa\u017cniejsze \u015bwi\u0119ta irlandzkich Celt\u00f3w?<\/strong><\/p>\n<p>Odpowiedzi, jak w poprzednim przypadku, prosz\u0119 s\u0142a\u0107 jako wiadomo\u015b\u0107 prywatn\u0105 na profil <a href=\"https:\/\/www.facebook.com\/Patrimonium\" target=\"_blank\">Patrimonium Europae<\/a>.<\/p>\n<p>Pozdrawiam i \u017cycz\u0119 dobrej zabawy!<\/p>\n<div id=\"fb-root\"><\/div><script src=\"http:\/\/connect.facebook.net\/en_US\/all.js#xfbml=1\"><\/script><fb:like href=\"http:\/\/monikasokol.pl\/?p=238\" send=\"true\" layout=\"standard\" width=\"450\" show_faces=\"true\" font=\"arial\" action=\"like\" colorscheme=\"light\"><\/fb:like>","protected":false},"excerpt":{"rendered":"<p>Moi drodzy, na facebookowym profilu Patrimonium Europae zabawa konkursowa zwi\u0105zana z Celtami trwa nadal. Pierwsza ksi\u0105\u017cka posz\u0142a ju\u017c do osoby, kt\u00f3ra prawid\u0142owo podpowiedzia\u0142a na pytanie: Jak nazywa\u0142 si\u0119 mitologiczny kr\u00f3l z plemienia Tuatha De Danann, kt\u00f3rego odci\u0119ta w bitwie r\u0119ka zosta\u0142a zast\u0105piona srebrn\u0105 protez\u0105? Odpowied\u017a to Nuada Srebrnor\u0119ki lub Nuada ze Srebrn\u0105 R\u0119k\u0105. Gratulacje dla &hellip; <a href=\"http:\/\/monikasokol.pl\/?p=238\" class=\"more-link\">Czytaj dalej <span class=\"screen-reader-text\">Zabawy ci\u0105g dalszy<\/span><\/a><\/p>\n","protected":false},"author":1,"featured_media":0,"comment_status":"open","ping_status":"open","sticky":false,"template":"","format":"standard","meta":{"footnotes":""},"categories":[1],"tags":[],"class_list":["post-238","post","type-post","status-publish","format-standard","hentry","category-bez-kategorii"],"_links":{"self":[{"href":"http:\/\/monikasokol.pl\/index.php?rest_route=\/wp\/v2\/posts\/238","targetHints":{"allow":["GET"]}}],"collection":[{"href":"http:\/\/monikasokol.pl\/index.php?rest_route=\/wp\/v2\/posts"}],"about":[{"href":"http:\/\/monikasokol.pl\/index.php?rest_route=\/wp\/v2\/types\/post"}],"author":[{"embeddable":true,"href":"http:\/\/monikasokol.pl\/index.php?rest_route=\/wp\/v2\/users\/1"}],"replies":[{"embeddable":true,"href":"http:\/\/monikasokol.pl\/index.php?rest_route=%2Fwp%2Fv2%2Fcomments&post=238"}],"version-history":[{"count":2,"href":"http:\/\/monikasokol.pl\/index.php?rest_route=\/wp\/v2\/posts\/238\/revisions"}],"predecessor-version":[{"id":240,"href":"http:\/\/monikasokol.pl\/index.php?rest_route=\/wp\/v2\/posts\/238\/revisions\/240"}],"wp:attachment":[{"href":"http:\/\/monikasokol.pl\/index.php?rest_route=%2Fwp%2Fv2%2Fmedia&parent=238"}],"wp:term":[{"taxonomy":"category","embeddable":true,"href":"http:\/\/monikasokol.pl\/index.php?rest_route=%2Fwp%2Fv2%2Fcategories&post=238"},{"taxonomy":"post_tag","embeddable":true,"href":"http:\/\/monikasokol.pl\/index.php?rest_route=%2Fwp%2Fv2%2Ftags&post=238"}],"curies":[{"name":"wp","href":"https:\/\/api.w.org\/{rel}","templated":true}]}}